{"id":472,"date":"2021-09-28T16:25:23","date_gmt":"2021-09-28T14:25:23","guid":{"rendered":"https:\/\/murielleschreder.com\/?p=472"},"modified":"2022-10-09T19:24:29","modified_gmt":"2022-10-09T17:24:29","slug":"visite-de-la-cathedrale-de-chartres","status":"publish","type":"post","link":"https:\/\/murielleschreder.com\/index.php\/2021\/09\/28\/visite-de-la-cathedrale-de-chartres\/","title":{"rendered":"Visite de la Cath\u00e9drale de Chartres"},"content":{"rendered":"\n<p>La cath\u00e9drale de Chartres, en plus d&rsquo;\u00eatre un monument gothique extraordinaire, est aussi un lieu de ressource, d&rsquo;\u00e9quilibre, d&rsquo;\u00e9l\u00e9vation, de r\u00e9paration. Elle fonctionne comme un appareil qui,  par effet de r\u00e9sonance d\u00fb \u00e0 la coh\u00e9rence g\u00e9om\u00e9trique, math\u00e9matique, cosmique et vibratoire, agit sur nos corps subtils, de fa\u00e7on \u00e0 les r\u00e9-\u00e9quilibrer. <\/p>\n\n\n\n<p>Elle poss\u00e8de sur son sol un labyrinthe que nous allons emprunter, afin de nous relier plus intens\u00e9ment \u00e0 la Dame, aspect F\u00e9minin de l&rsquo;Energie auquel ce lieu sacr\u00e9 est d\u00e9di\u00e9. Ce labyrinthe est ouvert le vendredi, uniquement, depuis le Car\u00eame jusqu&rsquo;\u00e0 la Toussaint. <\/p>\n\n\n\n<p><strong>Proposition de sortie : les <\/strong>25 et 26 Mai 2023, 21 et 22 septembre 2023<\/p>\n\n\n\n<figure class=\"wp-block-image size-large\"><img decoding=\"async\" loading=\"lazy\" width=\"1024\" height=\"581\" src=\"https:\/\/murielleschreder.com\/wp-content\/uploads\/2019\/11\/labyrinth-3338597_1920-2-e1578160956278-1024x581.jpg\" alt=\"\" class=\"wp-image-263\" srcset=\"https:\/\/murielleschreder.com\/wp-content\/uploads\/2019\/11\/labyrinth-3338597_1920-2-e1578160956278-1024x581.jpg 1024w, https:\/\/murielleschreder.com\/wp-content\/uploads\/2019\/11\/labyrinth-3338597_1920-2-e1578160956278-300x170.jpg 300w, https:\/\/murielleschreder.com\/wp-content\/uploads\/2019\/11\/labyrinth-3338597_1920-2-e1578160956278-768x436.jpg 768w, https:\/\/murielleschreder.com\/wp-content\/uploads\/2019\/11\/labyrinth-3338597_1920-2-e1578160956278-1536x871.jpg 1536w, https:\/\/murielleschreder.com\/wp-content\/uploads\/2019\/11\/labyrinth-3338597_1920-2-e1578160956278.jpg 1920w\" sizes=\"(max-width: 1024px) 100vw, 1024px\" \/><\/figure>\n\n\n\n<p><em><strong>Tarif :<\/strong><\/em> 90 \u20ac la sortie.  Pr\u00e9voir l&rsquo;h\u00e9bergement dans l&rsquo;ancien prieur\u00e9 actuellement  \u00ab\u00a0h\u00f4tellerie Saint Yves\u00a0\u00bb, compter environ 50\u20ac la nuit, et les repas en plus, le pique nique est une bonne solution, possibilit\u00e9s de co-voiturage.<\/p>\n\n\n\n<p>Au programme: <\/p>\n\n\n\n<p>Arriv\u00e9e vers 17h30 \u00e0 l&rsquo;h\u00f4tellerie Saint Yves. <\/p>\n\n\n\n<p>Pique nique ou repas<\/p>\n\n\n\n<p>Le 19 au soir : r\u00e9 \u00e9quilibrage \u00e9nerg\u00e9tique, m\u00e9ditations guid\u00e9es, et clarification des intentions. Pour cela nous utiliserons les diapasons, le Cleanergy, l&rsquo;Ark. Visite de nuit des ext\u00e9rieurs  de la Cath\u00e9drale<\/p>\n\n\n\n<p>Le 20: \u00e0 partir de 9h : D\u00e9ambulation labyrinthe, Visite comment\u00e9e avec les points importants de ressource, repas ou pique nique, puis visite de la crypte. <\/p>\n\n\n\n<p>15h 30 d\u00e9part. <\/p>\n\n\n\n<p><\/p>\n\n\n\n<p>Groupe de 10 personnes maximum.  <\/p>\n\n\n\n<p><\/p>\n\n\n\n<p> <\/p>\n\n\n\n<p> <\/p>\n\n\n\n<p> <\/p>\n","protected":false},"excerpt":{"rendered":"<p>La cath\u00e9drale de Chartres, en plus d&rsquo;\u00eatre un monument gothique extraordinaire, est aussi un lieu de ressource, d&rsquo;\u00e9quilibre, d&rsquo;\u00e9l\u00e9vation, de r\u00e9paration. Elle fonctionne comme un appareil qui, par effet de r\u00e9sonance d\u00fb \u00e0 la coh\u00e9rence g\u00e9om\u00e9trique, math\u00e9matique, cosmique et vibratoire, agit sur nos corps subtils, de fa\u00e7on \u00e0 les r\u00e9-\u00e9quilibrer. Elle poss\u00e8de sur son sol [&hellip;]<\/p>\n","protected":false},"author":1,"featured_media":0,"comment_status":"open","ping_status":"open","sticky":false,"template":"","format":"standard","meta":{"footnotes":""},"categories":[1],"tags":[],"_links":{"self":[{"href":"https:\/\/murielleschreder.com\/index.php\/wp-json\/wp\/v2\/posts\/472"}],"collection":[{"href":"https:\/\/murielleschreder.com\/index.php\/wp-json\/wp\/v2\/posts"}],"about":[{"href":"https:\/\/murielleschreder.com\/index.php\/wp-json\/wp\/v2\/types\/post"}],"author":[{"embeddable":true,"href":"https:\/\/murielleschreder.com\/index.php\/wp-json\/wp\/v2\/users\/1"}],"replies":[{"embeddable":true,"href":"https:\/\/murielleschreder.com\/index.php\/wp-json\/wp\/v2\/comments?post=472"}],"version-history":[{"count":5,"href":"https:\/\/murielleschreder.com\/index.php\/wp-json\/wp\/v2\/posts\/472\/revisions"}],"predecessor-version":[{"id":518,"href":"https:\/\/murielleschreder.com\/index.php\/wp-json\/wp\/v2\/posts\/472\/revisions\/518"}],"wp:attachment":[{"href":"https:\/\/murielleschreder.com\/index.php\/wp-json\/wp\/v2\/media?parent=472"}],"wp:term":[{"taxonomy":"category","embeddable":true,"href":"https:\/\/murielleschreder.com\/index.php\/wp-json\/wp\/v2\/categories?post=472"},{"taxonomy":"post_tag","embeddable":true,"href":"https:\/\/murielleschreder.com\/index.php\/wp-json\/wp\/v2\/tags?post=472"}],"curies":[{"name":"wp","href":"https:\/\/api.w.org\/{rel}","templated":true}]}}